{"id":9642,"date":"2026-04-19T12:56:07","date_gmt":"2026-04-19T15:56:07","guid":{"rendered":"https:\/\/pirajuinews.com.br\/?p=9642"},"modified":"2026-04-19T12:56:08","modified_gmt":"2026-04-19T15:56:08","slug":"prefeitura-de-pirajui-anuncia-abertura-de-vagas-para-profissionais-da-construcao-e-servicos-gerais","status":"publish","type":"post","link":"https:\/\/pirajuinews.com.br\/?p=9642","title":{"rendered":"Prefeitura de Piraju\u00ed anuncia abertura de vagas para profissionais da constru\u00e7\u00e3o e servi\u00e7os gerais"},"content":{"rendered":"\n<p><em>Oportunidade de trabalho \u00e9 para profissionais com MEI ativa na \u00e1rea de servi\u00e7os gerais<\/em><\/p>\n\n\n\n<p>A Prefeitura de Piraju\u00ed anunciou a abertura de diversas oportunidades de trabalho voltadas a profissionais da \u00e1rea da constru\u00e7\u00e3o civil e servi\u00e7os gerais. As vagas dispon\u00edveis s\u00e3o para <strong>pedreiro, servente de pedreiro, gesseiro, pintor e ro\u00e7ador<\/strong>, com foco no atendimento das demandas de manuten\u00e7\u00e3o e melhorias em espa\u00e7os p\u00fablicos do munic\u00edpio.<\/p>\n\n\n\n<p>De acordo com a administra\u00e7\u00e3o municipal, para participar do processo seletivo \u00e9 necess\u00e1rio possuir <strong>MEI (Microempreendedor Individual) ativa na \u00e1rea de Servi\u00e7os Gerais<\/strong>. A exig\u00eancia faz parte da estrat\u00e9gia da prefeitura para facilitar a contrata\u00e7\u00e3o de prestadores de servi\u00e7o e ampliar as oportunidades de gera\u00e7\u00e3o de renda na cidade.<\/p>\n\n\n\n<p>Quem ainda n\u00e3o possui o cadastro como MEI pode buscar orienta\u00e7\u00e3o e realizar a formaliza\u00e7\u00e3o no <strong>Poupatempo de Piraju\u00ed<\/strong>, localizado na <strong>Rua Riachuelo, n\u00ba 468, Centro<\/strong>. No local, os interessados recebem suporte para abertura e regulariza\u00e7\u00e3o do cadastro.<\/p>\n\n\n\n<p>Ap\u00f3s a regulariza\u00e7\u00e3o, o pr\u00f3ximo passo \u00e9 realizar o <strong>cadastro no Departamento Pessoal da Prefeitura de Piraju\u00ed<\/strong>, etapa obrigat\u00f3ria para participar do processo seletivo.<\/p>\n\n\n\n<p>A divulga\u00e7\u00e3o foi feita nas redes sociais pela prefeita Geronice Lemos, que destacou que a iniciativa tem como objetivo <strong>estimular a gera\u00e7\u00e3o de emprego e renda<\/strong>, al\u00e9m de fortalecer a execu\u00e7\u00e3o de servi\u00e7os essenciais no munic\u00edpio.<\/p>\n","protected":false},"excerpt":{"rendered":"<p>Oportunidade de trabalho \u00e9 para profissionais com MEI ativa na \u00e1rea de servi\u00e7os gerais A Prefeitura de Piraju\u00ed anunciou a abertura de diversas oportunidades de trabalho voltadas a profissionais da \u00e1rea da constru\u00e7\u00e3o civil e servi\u00e7os gerais. As vagas dispon\u00edveis s\u00e3o para pedreiro, servente de pedreiro, gesseiro, pintor e ro\u00e7ador, com foco no atendimento das [&hellip;]<\/p>\n","protected":false},"author":1,"featured_media":9643,"comment_status":"open","ping_status":"open","sticky":false,"template":"","format":"standard","meta":{"om_disable_all_campaigns":false,"_mi_skip_tracking":false,"_monsterinsights_sitenote_active":false,"_monsterinsights_sitenote_note":"","_monsterinsights_sitenote_category":0,"footnotes":""},"categories":[1],"tags":[],"class_list":["post-9642","post","type-post","status-publish","format-standard","has-post-thumbnail","hentry","category-destaques"],"aioseo_notices":[],"_links":{"self":[{"href":"https:\/\/pirajuinews.com.br\/index.php?rest_route=\/wp\/v2\/posts\/9642","targetHints":{"allow":["GET"]}}],"collection":[{"href":"https:\/\/pirajuinews.com.br\/index.php?rest_route=\/wp\/v2\/posts"}],"about":[{"href":"https:\/\/pirajuinews.com.br\/index.php?rest_route=\/wp\/v2\/types\/post"}],"author":[{"embeddable":true,"href":"https:\/\/pirajuinews.com.br\/index.php?rest_route=\/wp\/v2\/users\/1"}],"replies":[{"embeddable":true,"href":"https:\/\/pirajuinews.com.br\/index.php?rest_route=%2Fwp%2Fv2%2Fcomments&post=9642"}],"version-history":[{"count":1,"href":"https:\/\/pirajuinews.com.br\/index.php?rest_route=\/wp\/v2\/posts\/9642\/revisions"}],"predecessor-version":[{"id":9644,"href":"https:\/\/pirajuinews.com.br\/index.php?rest_route=\/wp\/v2\/posts\/9642\/revisions\/9644"}],"wp:featuredmedia":[{"embeddable":true,"href":"https:\/\/pirajuinews.com.br\/index.php?rest_route=\/wp\/v2\/media\/9643"}],"wp:attachment":[{"href":"https:\/\/pirajuinews.com.br\/index.php?rest_route=%2Fwp%2Fv2%2Fmedia&parent=9642"}],"wp:term":[{"taxonomy":"category","embeddable":true,"href":"https:\/\/pirajuinews.com.br\/index.php?rest_route=%2Fwp%2Fv2%2Fcategories&post=9642"},{"taxonomy":"post_tag","embeddable":true,"href":"https:\/\/pirajuinews.com.br\/index.php?rest_route=%2Fwp%2Fv2%2Ftags&post=9642"}],"curies":[{"name":"wp","href":"https:\/\/api.w.org\/{rel}","templated":true}]}}