{"id":9638,"date":"2026-04-19T12:54:40","date_gmt":"2026-04-19T15:54:40","guid":{"rendered":"https:\/\/pirajuinews.com.br\/?p=9638"},"modified":"2026-04-19T12:54:41","modified_gmt":"2026-04-19T15:54:41","slug":"sp-anuncia-nomeacao-da-primeira-comandante-geral-da-pm-de-sp","status":"publish","type":"post","link":"https:\/\/pirajuinews.com.br\/?p=9638","title":{"rendered":"SP anuncia nomea\u00e7\u00e3o da primeira comandante-geral da PM de SP"},"content":{"rendered":"\n<p>Glauce Anselmo Cavalli \u00e9 doutora em Ci\u00eancias Policiais de Seguran\u00e7a<\/p>\n\n\n\n<p>O governo de S\u00e3o Paulo ter\u00e1, pela primeira vez, uma mulher como comandante-geral da Pol\u00edcia Militar (PM) do estado, o posto mais alto da corpora\u00e7\u00e3o. A nomea\u00e7\u00e3o da coronel Glauce Anselmo Cavalli foi publicada na \u00faltima quinta-feira (16) Di\u00e1rio Oficial do Estado.<\/p>\n\n\n\n<p>A nova comandante-geral \u00e9 mestre e doutora em Ci\u00eancias Policiais de Seguran\u00e7a e Ordem P\u00fablica e graduada em Direito pela Universidade Cruzeiro do Sul e em Educa\u00e7\u00e3o F\u00edsica pela Escola de Educa\u00e7\u00e3o F\u00edsica da PM.<\/p>\n\n\n\n<p>Cavalli atuou como oficial superior em unidades estrat\u00e9gicas, como o Comando de Policiamento do Interior \u2013 Dois (CPI-2), o Centro de Motomecaniza\u00e7\u00e3o, a Diretoria de Finan\u00e7as, a Coordenadoria de Assuntos Jur\u00eddicos, o Comando de Policiamento de \u00c1rea Metropolitana \u2013 2, o Centro de Comunica\u00e7\u00e3o Social (CComSoc) e a Diretoria de Log\u00edstica .<\/p>\n\n\n\n<p>\u201c\u00c9 uma oficial extremamente preparada para comandar a maior tropa policial do pa\u00eds. Sua nomea\u00e7\u00e3o representa um marco hist\u00f3rico para a PM de S\u00e3o Paulo, que tem pela primeira vez uma mulher no comando, e \u00e9 tamb\u00e9m um avan\u00e7o importante para a amplia\u00e7\u00e3o da presen\u00e7a feminina nos cargos de lideran\u00e7a do Estado\u201d, afirmou o governador de SP, Tarc\u00edsio de Freitas.<\/p>\n\n\n\n<p>A coronel Glauce suceder\u00e1 o coronel Jos\u00e9 Augusto Coutinho, que estava \u00e0 frente da institui\u00e7\u00e3o desde maio de 2025. O novo subcomandante da corpora\u00e7\u00e3o ser\u00e1 o coronel M\u00e1rio Kitsuwa, atual comandante do Comando de Policiamento Metropolitano Nove.<\/p>\n\n\n\n<p>Fonte: Ag\u00eancia Brasil<\/p>\n","protected":false},"excerpt":{"rendered":"<p>Glauce Anselmo Cavalli \u00e9 doutora em Ci\u00eancias Policiais de Seguran\u00e7a O governo de S\u00e3o Paulo ter\u00e1, pela primeira vez, uma mulher como comandante-geral da Pol\u00edcia Militar (PM) do estado, o posto mais alto da corpora\u00e7\u00e3o. A nomea\u00e7\u00e3o da coronel Glauce Anselmo Cavalli foi publicada na \u00faltima quinta-feira (16) Di\u00e1rio Oficial do Estado. A nova comandante-geral [&hellip;]<\/p>\n","protected":false},"author":1,"featured_media":9639,"comment_status":"open","ping_status":"open","sticky":false,"template":"","format":"standard","meta":{"om_disable_all_campaigns":false,"_mi_skip_tracking":false,"_monsterinsights_sitenote_active":false,"_monsterinsights_sitenote_note":"","_monsterinsights_sitenote_category":0,"footnotes":""},"categories":[1],"tags":[],"class_list":["post-9638","post","type-post","status-publish","format-standard","has-post-thumbnail","hentry","category-destaques"],"aioseo_notices":[],"_links":{"self":[{"href":"https:\/\/pirajuinews.com.br\/index.php?rest_route=\/wp\/v2\/posts\/9638","targetHints":{"allow":["GET"]}}],"collection":[{"href":"https:\/\/pirajuinews.com.br\/index.php?rest_route=\/wp\/v2\/posts"}],"about":[{"href":"https:\/\/pirajuinews.com.br\/index.php?rest_route=\/wp\/v2\/types\/post"}],"author":[{"embeddable":true,"href":"https:\/\/pirajuinews.com.br\/index.php?rest_route=\/wp\/v2\/users\/1"}],"replies":[{"embeddable":true,"href":"https:\/\/pirajuinews.com.br\/index.php?rest_route=%2Fwp%2Fv2%2Fcomments&post=9638"}],"version-history":[{"count":2,"href":"https:\/\/pirajuinews.com.br\/index.php?rest_route=\/wp\/v2\/posts\/9638\/revisions"}],"predecessor-version":[{"id":9641,"href":"https:\/\/pirajuinews.com.br\/index.php?rest_route=\/wp\/v2\/posts\/9638\/revisions\/9641"}],"wp:featuredmedia":[{"embeddable":true,"href":"https:\/\/pirajuinews.com.br\/index.php?rest_route=\/wp\/v2\/media\/9639"}],"wp:attachment":[{"href":"https:\/\/pirajuinews.com.br\/index.php?rest_route=%2Fwp%2Fv2%2Fmedia&parent=9638"}],"wp:term":[{"taxonomy":"category","embeddable":true,"href":"https:\/\/pirajuinews.com.br\/index.php?rest_route=%2Fwp%2Fv2%2Fcategories&post=9638"},{"taxonomy":"post_tag","embeddable":true,"href":"https:\/\/pirajuinews.com.br\/index.php?rest_route=%2Fwp%2Fv2%2Ftags&post=9638"}],"curies":[{"name":"wp","href":"https:\/\/api.w.org\/{rel}","templated":true}]}}